
			
				

					
				

			
		{"items":"\n\t\t\t\t\t\t\t\t\t\t\t\n<article id=\"post-12291\" class=\"wd-post blog-design-default blog-post-loop blog-style-flat wd-col post-12291 post type-post status-publish format-standard has-post-thumbnail hentry category-libro-de-recetas category-reposteria\">\n\t<div class=\"wd-post-inner article-inner\">\n\t\t\t\t\t<div class=\"wd-post-thumb entry-header\">\n\t\t\t\t\t\t\t\t\t<div class=\"wd-post-img post-img-wrapp\">\n\t\t\t\t\t\t<img width=\"640\" height=\"640\" src=\"https:\/\/indias.com.ar\/wp-content\/uploads\/2020\/09\/recetas-alfajores-de-coco.jpg\" class=\"attachment-large size-large\" alt=\"\" decoding=\"async\" fetchpriority=\"high\" srcset=\"https:\/\/indias.com.ar\/wp-content\/uploads\/2020\/09\/recetas-alfajores-de-coco.jpg 640w, https:\/\/indias.com.ar\/wp-content\/uploads\/2020\/09\/recetas-alfajores-de-coco-580x580.jpg 580w, https:\/\/indias.com.ar\/wp-content\/uploads\/2020\/09\/recetas-alfajores-de-coco-100x100.jpg 100w, https:\/\/indias.com.ar\/wp-content\/uploads\/2020\/09\/recetas-alfajores-de-coco-300x300.jpg 300w, https:\/\/indias.com.ar\/wp-content\/uploads\/2020\/09\/recetas-alfajores-de-coco-150x150.jpg 150w\" sizes=\"(max-width: 640px) 100vw, 640px\" \/>\t\t\t\t\t<\/div>\n\t\t\t\t\t\t\t\t\t\t<a class=\"wd-fill\" tabindex=\"-1\" href=\"https:\/\/indias.com.ar\/libro-de-recetas\/alfajores-de-coco-y-dulce-de-leche\/\" aria-label=\"Enlace de la publicaci\u00f3n Alfajores de coco y dulce de leche\"><\/a>\n\t\t\t\t\n\t\t\t\t\t\t\t\t\t\t\t\t<link rel=\"stylesheet\" id=\"wd-post-types-mod-date-style-bg-css\" href=\"https:\/\/indias.com.ar\/wp-content\/themes\/woodmart\/css\/parts\/post-types-mod-date-style-bg.min.css?ver=8.3.5\" type=\"text\/css\" media=\"all\" \/> \t\t\t\t\t\t<div class=\"wd-post-date wd-style-with-bg\">\n\t\t\t\t<span class=\"post-date-day\">\n\t\t\t\t\t29\t\t\t\t<\/span>\n\t\t\t\t<span class=\"post-date-month\">\n\t\t\t\t\tSep\t\t\t\t<\/span>\n\t\t\t<\/div>\n\t\t\t\t\t\t\t\t\t<\/div>\n\t\t\n\t\t<div class=\"wd-post-content article-body-container\">\n\t\t\t\n\t\t\t\t\t\t\t<h3 class=\"wd-post-title wd-entities-title title post-title\">\n\t\t\t\t\t<a href=\"https:\/\/indias.com.ar\/libro-de-recetas\/alfajores-de-coco-y-dulce-de-leche\/\" rel=\"bookmark\">Alfajores de coco y dulce de leche<\/a>\n\t\t\t\t<\/h3>\n\t\t\t\n\t\t\t\n\t\t\t\t\t\t\t\n\t\t\t\t\t\t\t\t\t\t\t\t\t\t<div class=\"wd-post-read-more wd-style-link read-more-section\">\n\t\t\t\t\t\t<a class=\"\" href=\"https:\/\/indias.com.ar\/libro-de-recetas\/alfajores-de-coco-y-dulce-de-leche\/\">Continuar leyendo<\/a>\t\t\t\t\t<\/div>\n\t\t\t\t\t\t\t\t\t\t\t\t\t<\/div>\n\t<\/div>\n<\/article>\n\n\t\t\t\t\t\t\t\t\t\t\t\n<article id=\"post-12281\" class=\"wd-post blog-design-default blog-post-loop blog-style-flat wd-col post-12281 post type-post status-publish format-standard has-post-thumbnail hentry category-aderezos-y-salsas category-libro-de-recetas\">\n\t<div class=\"wd-post-inner article-inner\">\n\t\t\t\t\t<div class=\"wd-post-thumb entry-header\">\n\t\t\t\t\t\t\t\t\t<div class=\"wd-post-img post-img-wrapp\">\n\t\t\t\t\t\t<img width=\"640\" height=\"640\" src=\"https:\/\/indias.com.ar\/wp-content\/themes\/woodmart\/images\/lazy.svg\" class=\"attachment-large size-large wd-lazy-fade\" alt=\"\" decoding=\"async\" srcset=\"\" sizes=\"(max-width: 640px) 100vw, 640px\" data-src=\"https:\/\/indias.com.ar\/wp-content\/uploads\/2020\/09\/recetas-mayonesa-de-ajo-con-y-sin-huevo.jpg\" data-srcset=\"https:\/\/indias.com.ar\/wp-content\/uploads\/2020\/09\/recetas-mayonesa-de-ajo-con-y-sin-huevo.jpg 640w, https:\/\/indias.com.ar\/wp-content\/uploads\/2020\/09\/recetas-mayonesa-de-ajo-con-y-sin-huevo-580x580.jpg 580w, https:\/\/indias.com.ar\/wp-content\/uploads\/2020\/09\/recetas-mayonesa-de-ajo-con-y-sin-huevo-100x100.jpg 100w, https:\/\/indias.com.ar\/wp-content\/uploads\/2020\/09\/recetas-mayonesa-de-ajo-con-y-sin-huevo-300x300.jpg 300w, https:\/\/indias.com.ar\/wp-content\/uploads\/2020\/09\/recetas-mayonesa-de-ajo-con-y-sin-huevo-150x150.jpg 150w\" \/>\t\t\t\t\t<\/div>\n\t\t\t\t\t\t\t\t\t\t<a class=\"wd-fill\" tabindex=\"-1\" href=\"https:\/\/indias.com.ar\/libro-de-recetas\/mayonesa-de-ajo-con-y-sin-huevo\/\" aria-label=\"Enlace de la publicaci\u00f3n Mayonesa de ajo, con y sin huevo\"><\/a>\n\t\t\t\t\n\t\t\t\t\t\t\t\t\t\t\t\t<div class=\"wd-post-date wd-style-with-bg\">\n\t\t\t\t<span class=\"post-date-day\">\n\t\t\t\t\t29\t\t\t\t<\/span>\n\t\t\t\t<span class=\"post-date-month\">\n\t\t\t\t\tSep\t\t\t\t<\/span>\n\t\t\t<\/div>\n\t\t\t\t\t\t\t\t\t<\/div>\n\t\t\n\t\t<div class=\"wd-post-content article-body-container\">\n\t\t\t\n\t\t\t\t\t\t\t<h3 class=\"wd-post-title wd-entities-title title post-title\">\n\t\t\t\t\t<a href=\"https:\/\/indias.com.ar\/libro-de-recetas\/mayonesa-de-ajo-con-y-sin-huevo\/\" rel=\"bookmark\">Mayonesa de ajo, con y sin huevo<\/a>\n\t\t\t\t<\/h3>\n\t\t\t\n\t\t\t\n\t\t\t\t\t\t\t\n\t\t\t\t\t\t\t\t\t\t\t\t\t\t<div class=\"wd-post-read-more wd-style-link read-more-section\">\n\t\t\t\t\t\t<a class=\"\" href=\"https:\/\/indias.com.ar\/libro-de-recetas\/mayonesa-de-ajo-con-y-sin-huevo\/\">Continuar leyendo<\/a>\t\t\t\t\t<\/div>\n\t\t\t\t\t\t\t\t\t\t\t\t\t<\/div>\n\t<\/div>\n<\/article>\n\n\t\t\t\t\t\t\t\t\t\t\t\n<article id=\"post-12287\" class=\"wd-post blog-design-default blog-post-loop blog-style-flat wd-col post-12287 post type-post status-publish format-standard has-post-thumbnail hentry category-libro-de-recetas category-reposteria\">\n\t<div class=\"wd-post-inner article-inner\">\n\t\t\t\t\t<div class=\"wd-post-thumb entry-header\">\n\t\t\t\t\t\t\t\t\t<div class=\"wd-post-img post-img-wrapp\">\n\t\t\t\t\t\t<img width=\"640\" height=\"640\" src=\"https:\/\/indias.com.ar\/wp-content\/themes\/woodmart\/images\/lazy.svg\" class=\"attachment-large size-large wd-lazy-fade\" alt=\"\" decoding=\"async\" srcset=\"\" sizes=\"(max-width: 640px) 100vw, 640px\" data-src=\"https:\/\/indias.com.ar\/wp-content\/uploads\/2020\/09\/recetas-pastel-de-coco-y-mani.jpg\" data-srcset=\"https:\/\/indias.com.ar\/wp-content\/uploads\/2020\/09\/recetas-pastel-de-coco-y-mani.jpg 640w, https:\/\/indias.com.ar\/wp-content\/uploads\/2020\/09\/recetas-pastel-de-coco-y-mani-580x580.jpg 580w, https:\/\/indias.com.ar\/wp-content\/uploads\/2020\/09\/recetas-pastel-de-coco-y-mani-100x100.jpg 100w, https:\/\/indias.com.ar\/wp-content\/uploads\/2020\/09\/recetas-pastel-de-coco-y-mani-300x300.jpg 300w, https:\/\/indias.com.ar\/wp-content\/uploads\/2020\/09\/recetas-pastel-de-coco-y-mani-150x150.jpg 150w\" \/>\t\t\t\t\t<\/div>\n\t\t\t\t\t\t\t\t\t\t<a class=\"wd-fill\" tabindex=\"-1\" href=\"https:\/\/indias.com.ar\/libro-de-recetas\/pastel-de-coco-y-mani\/\" aria-label=\"Enlace de la publicaci\u00f3n Pastel de coco y man\u00ed\"><\/a>\n\t\t\t\t\n\t\t\t\t\t\t\t\t\t\t\t\t<div class=\"wd-post-date wd-style-with-bg\">\n\t\t\t\t<span class=\"post-date-day\">\n\t\t\t\t\t29\t\t\t\t<\/span>\n\t\t\t\t<span class=\"post-date-month\">\n\t\t\t\t\tSep\t\t\t\t<\/span>\n\t\t\t<\/div>\n\t\t\t\t\t\t\t\t\t<\/div>\n\t\t\n\t\t<div class=\"wd-post-content article-body-container\">\n\t\t\t\n\t\t\t\t\t\t\t<h3 class=\"wd-post-title wd-entities-title title post-title\">\n\t\t\t\t\t<a href=\"https:\/\/indias.com.ar\/libro-de-recetas\/pastel-de-coco-y-mani\/\" rel=\"bookmark\">Pastel de coco y man\u00ed<\/a>\n\t\t\t\t<\/h3>\n\t\t\t\n\t\t\t\n\t\t\t\t\t\t\t\n\t\t\t\t\t\t\t\t\t\t\t\t\t\t<div class=\"wd-post-read-more wd-style-link read-more-section\">\n\t\t\t\t\t\t<a class=\"\" href=\"https:\/\/indias.com.ar\/libro-de-recetas\/pastel-de-coco-y-mani\/\">Continuar leyendo<\/a>\t\t\t\t\t<\/div>\n\t\t\t\t\t\t\t\t\t\t\t\t\t<\/div>\n\t<\/div>\n<\/article>\n\n\t\t\t\t\t\t\t\t\t\t\t\n<article id=\"post-12278\" class=\"wd-post blog-design-default blog-post-loop blog-style-flat wd-col post-12278 post type-post status-publish format-standard has-post-thumbnail hentry category-al-horno category-libro-de-recetas\">\n\t<div class=\"wd-post-inner article-inner\">\n\t\t\t\t\t<div class=\"wd-post-thumb entry-header\">\n\t\t\t\t\t\t\t\t\t<div class=\"wd-post-img post-img-wrapp\">\n\t\t\t\t\t\t<img width=\"640\" height=\"640\" src=\"https:\/\/indias.com.ar\/wp-content\/themes\/woodmart\/images\/lazy.svg\" class=\"attachment-large size-large wd-lazy-fade\" alt=\"\" decoding=\"async\" loading=\"lazy\" srcset=\"\" sizes=\"auto, (max-width: 640px) 100vw, 640px\" data-src=\"https:\/\/indias.com.ar\/wp-content\/uploads\/2020\/09\/recetas-filet-pescado-papas.jpg\" data-srcset=\"https:\/\/indias.com.ar\/wp-content\/uploads\/2020\/09\/recetas-filet-pescado-papas.jpg 640w, https:\/\/indias.com.ar\/wp-content\/uploads\/2020\/09\/recetas-filet-pescado-papas-580x580.jpg 580w, https:\/\/indias.com.ar\/wp-content\/uploads\/2020\/09\/recetas-filet-pescado-papas-100x100.jpg 100w, https:\/\/indias.com.ar\/wp-content\/uploads\/2020\/09\/recetas-filet-pescado-papas-300x300.jpg 300w, https:\/\/indias.com.ar\/wp-content\/uploads\/2020\/09\/recetas-filet-pescado-papas-150x150.jpg 150w\" \/>\t\t\t\t\t<\/div>\n\t\t\t\t\t\t\t\t\t\t<a class=\"wd-fill\" tabindex=\"-1\" href=\"https:\/\/indias.com.ar\/libro-de-recetas\/filete-de-pescado-con-papas\/\" aria-label=\"Enlace de la publicaci\u00f3n Filete de pescado con papas\"><\/a>\n\t\t\t\t\n\t\t\t\t\t\t\t\t\t\t\t\t<div class=\"wd-post-date wd-style-with-bg\">\n\t\t\t\t<span class=\"post-date-day\">\n\t\t\t\t\t29\t\t\t\t<\/span>\n\t\t\t\t<span class=\"post-date-month\">\n\t\t\t\t\tSep\t\t\t\t<\/span>\n\t\t\t<\/div>\n\t\t\t\t\t\t\t\t\t<\/div>\n\t\t\n\t\t<div class=\"wd-post-content article-body-container\">\n\t\t\t\n\t\t\t\t\t\t\t<h3 class=\"wd-post-title wd-entities-title title post-title\">\n\t\t\t\t\t<a href=\"https:\/\/indias.com.ar\/libro-de-recetas\/filete-de-pescado-con-papas\/\" rel=\"bookmark\">Filete de pescado con papas<\/a>\n\t\t\t\t<\/h3>\n\t\t\t\n\t\t\t\n\t\t\t\t\t\t\t\n\t\t\t\t\t\t\t\t\t\t\t\t\t\t<div class=\"wd-post-read-more wd-style-link read-more-section\">\n\t\t\t\t\t\t<a class=\"\" href=\"https:\/\/indias.com.ar\/libro-de-recetas\/filete-de-pescado-con-papas\/\">Continuar leyendo<\/a>\t\t\t\t\t<\/div>\n\t\t\t\t\t\t\t\t\t\t\t\t\t<\/div>\n\t<\/div>\n<\/article>\n\n\t\t\t\t\t\t\t\t\t\t\t\n<article id=\"post-12276\" class=\"wd-post blog-design-default blog-post-loop blog-style-flat wd-col post-12276 post type-post status-publish format-standard has-post-thumbnail hentry category-a-la-parrilla category-aves category-libro-de-recetas\">\n\t<div class=\"wd-post-inner article-inner\">\n\t\t\t\t\t<div class=\"wd-post-thumb entry-header\">\n\t\t\t\t\t\t\t\t\t<div class=\"wd-post-img post-img-wrapp\">\n\t\t\t\t\t\t<img width=\"640\" height=\"640\" src=\"https:\/\/indias.com.ar\/wp-content\/themes\/woodmart\/images\/lazy.svg\" class=\"attachment-large size-large wd-lazy-fade\" alt=\"\" decoding=\"async\" loading=\"lazy\" srcset=\"\" sizes=\"auto, (max-width: 640px) 100vw, 640px\" data-src=\"https:\/\/indias.com.ar\/wp-content\/uploads\/2020\/09\/recetas-pollo-oregano-limon-mediterraneo.jpg\" data-srcset=\"https:\/\/indias.com.ar\/wp-content\/uploads\/2020\/09\/recetas-pollo-oregano-limon-mediterraneo.jpg 640w, https:\/\/indias.com.ar\/wp-content\/uploads\/2020\/09\/recetas-pollo-oregano-limon-mediterraneo-580x580.jpg 580w, https:\/\/indias.com.ar\/wp-content\/uploads\/2020\/09\/recetas-pollo-oregano-limon-mediterraneo-100x100.jpg 100w, https:\/\/indias.com.ar\/wp-content\/uploads\/2020\/09\/recetas-pollo-oregano-limon-mediterraneo-300x300.jpg 300w, https:\/\/indias.com.ar\/wp-content\/uploads\/2020\/09\/recetas-pollo-oregano-limon-mediterraneo-150x150.jpg 150w\" \/>\t\t\t\t\t<\/div>\n\t\t\t\t\t\t\t\t\t\t<a class=\"wd-fill\" tabindex=\"-1\" href=\"https:\/\/indias.com.ar\/libro-de-recetas\/pollo-con-oregano-y-limon-al-estilo-mediterraneo\/\" aria-label=\"Enlace de la publicaci\u00f3n Pollo con or\u00e9gano y lim\u00f3n al estilo mediterr\u00e1neo\"><\/a>\n\t\t\t\t\n\t\t\t\t\t\t\t\t\t\t\t\t<div class=\"wd-post-date wd-style-with-bg\">\n\t\t\t\t<span class=\"post-date-day\">\n\t\t\t\t\t29\t\t\t\t<\/span>\n\t\t\t\t<span class=\"post-date-month\">\n\t\t\t\t\tSep\t\t\t\t<\/span>\n\t\t\t<\/div>\n\t\t\t\t\t\t\t\t\t<\/div>\n\t\t\n\t\t<div class=\"wd-post-content article-body-container\">\n\t\t\t\n\t\t\t\t\t\t\t<h3 class=\"wd-post-title wd-entities-title title post-title\">\n\t\t\t\t\t<a href=\"https:\/\/indias.com.ar\/libro-de-recetas\/pollo-con-oregano-y-limon-al-estilo-mediterraneo\/\" rel=\"bookmark\">Pollo con or\u00e9gano y lim\u00f3n al estilo mediterr\u00e1neo<\/a>\n\t\t\t\t<\/h3>\n\t\t\t\n\t\t\t\n\t\t\t\t\t\t\t\n\t\t\t\t\t\t\t\t\t\t\t\t\t\t<div class=\"wd-post-read-more wd-style-link read-more-section\">\n\t\t\t\t\t\t<a class=\"\" href=\"https:\/\/indias.com.ar\/libro-de-recetas\/pollo-con-oregano-y-limon-al-estilo-mediterraneo\/\">Continuar leyendo<\/a>\t\t\t\t\t<\/div>\n\t\t\t\t\t\t\t\t\t\t\t\t\t<\/div>\n\t<\/div>\n<\/article>\n\n\t\t\t\t\t\t\t\t\t\t\t\n<article id=\"post-12267\" class=\"wd-post blog-design-default blog-post-loop blog-style-flat wd-col post-12267 post type-post status-publish format-standard has-post-thumbnail hentry category-al-horno category-libro-de-recetas\">\n\t<div class=\"wd-post-inner article-inner\">\n\t\t\t\t\t<div class=\"wd-post-thumb entry-header\">\n\t\t\t\t\t\t\t\t\t<div class=\"wd-post-img post-img-wrapp\">\n\t\t\t\t\t\t<img width=\"640\" height=\"640\" src=\"https:\/\/indias.com.ar\/wp-content\/themes\/woodmart\/images\/lazy.svg\" class=\"attachment-large size-large wd-lazy-fade\" alt=\"\" decoding=\"async\" loading=\"lazy\" srcset=\"\" sizes=\"auto, (max-width: 640px) 100vw, 640px\" data-src=\"https:\/\/indias.com.ar\/wp-content\/uploads\/2020\/09\/recetas-merluza-gallega.jpg\" data-srcset=\"https:\/\/indias.com.ar\/wp-content\/uploads\/2020\/09\/recetas-merluza-gallega.jpg 640w, https:\/\/indias.com.ar\/wp-content\/uploads\/2020\/09\/recetas-merluza-gallega-580x580.jpg 580w, https:\/\/indias.com.ar\/wp-content\/uploads\/2020\/09\/recetas-merluza-gallega-100x100.jpg 100w, https:\/\/indias.com.ar\/wp-content\/uploads\/2020\/09\/recetas-merluza-gallega-300x300.jpg 300w, https:\/\/indias.com.ar\/wp-content\/uploads\/2020\/09\/recetas-merluza-gallega-150x150.jpg 150w\" \/>\t\t\t\t\t<\/div>\n\t\t\t\t\t\t\t\t\t\t<a class=\"wd-fill\" tabindex=\"-1\" href=\"https:\/\/indias.com.ar\/libro-de-recetas\/merluza-a-la-gallega\/\" aria-label=\"Enlace de la publicaci\u00f3n Merluza a la gallega\"><\/a>\n\t\t\t\t\n\t\t\t\t\t\t\t\t\t\t\t\t<div class=\"wd-post-date wd-style-with-bg\">\n\t\t\t\t<span class=\"post-date-day\">\n\t\t\t\t\t29\t\t\t\t<\/span>\n\t\t\t\t<span class=\"post-date-month\">\n\t\t\t\t\tSep\t\t\t\t<\/span>\n\t\t\t<\/div>\n\t\t\t\t\t\t\t\t\t<\/div>\n\t\t\n\t\t<div class=\"wd-post-content article-body-container\">\n\t\t\t\n\t\t\t\t\t\t\t<h3 class=\"wd-post-title wd-entities-title title post-title\">\n\t\t\t\t\t<a href=\"https:\/\/indias.com.ar\/libro-de-recetas\/merluza-a-la-gallega\/\" rel=\"bookmark\">Merluza a la gallega<\/a>\n\t\t\t\t<\/h3>\n\t\t\t\n\t\t\t\n\t\t\t\t\t\t\t\n\t\t\t\t\t\t\t\t\t\t\t\t\t\t<div class=\"wd-post-read-more wd-style-link read-more-section\">\n\t\t\t\t\t\t<a class=\"\" href=\"https:\/\/indias.com.ar\/libro-de-recetas\/merluza-a-la-gallega\/\">Continuar leyendo<\/a>\t\t\t\t\t<\/div>\n\t\t\t\t\t\t\t\t\t\t\t\t\t<\/div>\n\t<\/div>\n<\/article>\n\n\t\t\t\t\t\n\t\t\t\t\t","status":"no-more-posts","nextPage":"?woo_ajax=1","currentPage":"https:\/\/indias.com.ar\/category\/libro-de-recetas\/page\/2"}